{"id":133,"date":"2011-06-27T10:02:26","date_gmt":"2011-06-27T10:02:26","guid":{"rendered":"http:\/\/www.segvauto.es\/prof-javier-garcia-de-jalon-de-la-fuente-catedratico-de-de-la-etsii-e-investigador-del-insia-ha-sido-galardonado-con-el-prestigioso-premio-dalembert-y-el-iftommaward"},"modified":"2021-11-12T13:46:04","modified_gmt":"2021-11-12T13:46:04","slug":"prof-javier-garcia-de-jalon-de-la-fuente-catedratico-de-de-la-etsii-e-investigador-del-insia-ha-sido-galardonado-con-el-prestigioso-premio-dalembert-y-el-iftommaward","status":"publish","type":"post","link":"https:\/\/segvauto.es\/en\/prof-javier-garcia-de-jalon-de-la-fuente-catedratico-de-de-la-etsii-e-investigador-del-insia-ha-sido-galardonado-con-el-prestigioso-premio-dalembert-y-el-iftommaward\/","title":{"rendered":"Prof. Javier Garc\u00eda de Jal\u00f3n de la Fuente, catedr\u00e1tico de de la ETSII e investigador del INSIA, ha sido galardonado con el prestigioso premio D\u2019Alembert  y el IFToMMAWard"},"content":{"rendered":"<p>Javier Garc\u00eda de Jal\u00f3n de la Fuente, catedr\u00e1tico de Matem\u00e1tica Aplicada de la ETSII e investigador del INSIA, ha sido galardonado por partida doble con el prestigioso premio D\u2019Alembert, que otorga el Comit\u00e9 T\u00e9cnico sobre Sistemas Multicuerpo y Din\u00e1mica no Lineal (Technical Committee on Multibody Systems and Nonlinear Dynamics) de ASME (American Society of MechanicalEngineers), y con el IFToMMAward of Merit, concedido por la International Federation for the Promotion of Mechanism and Machine Science; ambos galardones reconocen la labor de Javier Garc\u00eda de Jal\u00f3n en el \u00e1rea de los m\u00e9todos num\u00e9ricos aplicados a la simulaci\u00f3n din\u00e1mica de m\u00e1quinas y mecanismos.<br \/>\nLa ASME (American Society of Mechanical Engineers) y su Comit\u00e9 T\u00e9cnico sobre Sistemas Multicuerpo y Din\u00e1mica no Lineal, fundaron el premio D\u2019Alembert en el a\u00f1o 2003. Se otorga de forma bianual, la elecci\u00f3n del ganador corre a cargo de un comit\u00e9 de expertos de reconocido prestigio que votan por aquel investigador cuyo trabajo haya supuesto una mayor contribuci\u00f3n al campo de los sistemas multicuerpo. Javier Garc\u00eda de Jal\u00f3n es el 4\u00ba investigador que recibe este premio y podr\u00e1 recoger su galard\u00f3n en el Eighth ASME International ConferenceonMulti-BodySystems, Nonlinear Dynamics, and Control, que tendr\u00e1 lugar en Washington entre el 28 y el 31 de agosto de este a\u00f1o.<br \/>\nLa International Federation for the Promotion of Mechanism and Machine Science (IFToMM), fue fundada en 1969 y en la actualidad es una federaci\u00f3n formada por los 47 pa\u00edses m\u00e1s desarrollados, cuyo objeto es sumar esfuerzos para el progreso en la investigaci\u00f3n y desarrollo en el campo de la Mec\u00e1nica. El premio se ha entregado en el IFToMM 2011 World Congress, que ha tenido lugar en la Universidad de Guanajuato de M\u00e9xico entre los d\u00edas 19 y 23 de junio.<br \/>\nEstos dos reconocimientos vuelven a situar a la Escuela de Ingenieros Industriales y al INSIA, y al conjunto de profesores e investigadores que los forman, en la \u00e9lite mundial de la ingenier\u00eda mec\u00e1nica, posici\u00f3n destacada que mantiene desde hace ya varias d\u00e9cadas.<br \/>\nSource: segvauto<\/p>","protected":false},"excerpt":{"rendered":"<p>Javier Garc\u00eda de Jal\u00f3n de la Fuente, catedr\u00e1tico de Matem\u00e1tica Aplicada de la ETSII e investigador del INSIA, ha sido galardonado por partida doble con el prestigioso premio D\u2019Alembert, que otorga el Comit\u00e9 T\u00e9cnico sobre Sistemas Multicuerpo y Din\u00e1mica no Lineal (Technical Committee on Multibody Systems and Nonlinear Dynamics) de ASME (American Society of MechanicalEngineers), [&hellip;]<\/p>\n","protected":false},"author":1,"featured_media":14066,"comment_status":"open","ping_status":"open","sticky":false,"template":"","format":"standard","meta":{"_et_pb_use_builder":"","_et_pb_old_content":"","_et_gb_content_width":"","footnotes":""},"categories":[9],"tags":[],"class_list":["post-133","post","type-post","status-publish","format-standard","has-post-thumbnail","hentry","category-announcement"],"yoast_head":"<!-- This site is optimized with the Yoast SEO plugin v27.5 - https:\/\/yoast.com\/product\/yoast-seo-wordpress\/ -->\n<title>Prof. Javier Garc\u00eda de Jal\u00f3n de la Fuente, catedr\u00e1tico de de la ETSII e investigador del INSIA, ha sido galardonado con el prestigioso premio D\u2019Alembert y el IFToMMAWard - Segvauto-5G-CM<\/title>\n<meta name=\"robots\" content=\"index, follow, max-snippet:-1, max-image-preview:large, max-video-preview:-1\" \/>\n<link rel=\"canonical\" href=\"https:\/\/segvauto.es\/en\/prof-javier-garcia-de-jalon-de-la-fuente-catedratico-de-de-la-etsii-e-investigador-del-insia-ha-sido-galardonado-con-el-prestigioso-premio-dalembert-y-el-iftommaward\/\" \/>\n<meta property=\"og:locale\" content=\"en_GB\" \/>\n<meta property=\"og:type\" content=\"article\" \/>\n<meta property=\"og:title\" content=\"Prof. Javier Garc\u00eda de Jal\u00f3n de la Fuente, catedr\u00e1tico de de la ETSII e investigador del INSIA, ha sido galardonado con el prestigioso premio D\u2019Alembert y el IFToMMAWard - Segvauto-5G-CM\" \/>\n<meta property=\"og:description\" content=\"Javier Garc\u00eda de Jal\u00f3n de la Fuente, catedr\u00e1tico de Matem\u00e1tica Aplicada de la ETSII e investigador del INSIA, ha sido galardonado por partida doble con el prestigioso premio D\u2019Alembert, que otorga el Comit\u00e9 T\u00e9cnico sobre Sistemas Multicuerpo y Din\u00e1mica no Lineal (Technical Committee on Multibody Systems and Nonlinear Dynamics) de ASME (American Society of MechanicalEngineers), [&hellip;]\" \/>\n<meta property=\"og:url\" content=\"https:\/\/segvauto.es\/en\/prof-javier-garcia-de-jalon-de-la-fuente-catedratico-de-de-la-etsii-e-investigador-del-insia-ha-sido-galardonado-con-el-prestigioso-premio-dalembert-y-el-iftommaward\/\" \/>\n<meta property=\"og:site_name\" content=\"Segvauto-5G-CM\" \/>\n<meta property=\"article:published_time\" content=\"2011-06-27T10:02:26+00:00\" \/>\n<meta property=\"article:modified_time\" content=\"2021-11-12T13:46:04+00:00\" \/>\n<meta property=\"og:image\" content=\"https:\/\/segvauto.es\/wp-content\/uploads\/2011\/06\/jgjALON.jpg\" \/>\n\t<meta property=\"og:image:width\" content=\"100\" \/>\n\t<meta property=\"og:image:height\" content=\"123\" \/>\n\t<meta property=\"og:image:type\" content=\"image\/jpeg\" \/>\n<meta name=\"author\" content=\"desarrollo\" \/>\n<meta name=\"twitter:card\" content=\"summary_large_image\" \/>\n<meta name=\"twitter:label1\" content=\"Written by\" \/>\n\t<meta name=\"twitter:data1\" content=\"desarrollo\" \/>\n\t<meta name=\"twitter:label2\" content=\"Estimated reading time\" \/>\n\t<meta name=\"twitter:data2\" content=\"2 minutes\" \/>\n<script type=\"application\/ld+json\" class=\"yoast-schema-graph\">{\"@context\":\"https:\\\/\\\/schema.org\",\"@graph\":[{\"@type\":\"Article\",\"@id\":\"https:\\\/\\\/segvauto.es\\\/prof-javier-garcia-de-jalon-de-la-fuente-catedratico-de-de-la-etsii-e-investigador-del-insia-ha-sido-galardonado-con-el-prestigioso-premio-dalembert-y-el-iftommaward\\\/#article\",\"isPartOf\":{\"@id\":\"https:\\\/\\\/segvauto.es\\\/prof-javier-garcia-de-jalon-de-la-fuente-catedratico-de-de-la-etsii-e-investigador-del-insia-ha-sido-galardonado-con-el-prestigioso-premio-dalembert-y-el-iftommaward\\\/\"},\"author\":{\"name\":\"desarrollo\",\"@id\":\"https:\\\/\\\/segvauto.es\\\/#\\\/schema\\\/person\\\/3ff5331d5fc95abd435261ae5175910c\"},\"headline\":\"Prof. Javier Garc\u00eda de Jal\u00f3n de la Fuente, catedr\u00e1tico de de la ETSII e investigador del INSIA, ha sido galardonado con el prestigioso premio D\u2019Alembert y el IFToMMAWard\",\"datePublished\":\"2011-06-27T10:02:26+00:00\",\"dateModified\":\"2021-11-12T13:46:04+00:00\",\"mainEntityOfPage\":{\"@id\":\"https:\\\/\\\/segvauto.es\\\/prof-javier-garcia-de-jalon-de-la-fuente-catedratico-de-de-la-etsii-e-investigador-del-insia-ha-sido-galardonado-con-el-prestigioso-premio-dalembert-y-el-iftommaward\\\/\"},\"wordCount\":388,\"commentCount\":0,\"image\":{\"@id\":\"https:\\\/\\\/segvauto.es\\\/prof-javier-garcia-de-jalon-de-la-fuente-catedratico-de-de-la-etsii-e-investigador-del-insia-ha-sido-galardonado-con-el-prestigioso-premio-dalembert-y-el-iftommaward\\\/#primaryimage\"},\"thumbnailUrl\":\"https:\\\/\\\/segvauto.es\\\/wp-content\\\/uploads\\\/2011\\\/06\\\/jgjALON.jpg\",\"articleSection\":[\"Noticia\"],\"inLanguage\":\"en-GB\",\"potentialAction\":[{\"@type\":\"CommentAction\",\"name\":\"Comment\",\"target\":[\"https:\\\/\\\/segvauto.es\\\/prof-javier-garcia-de-jalon-de-la-fuente-catedratico-de-de-la-etsii-e-investigador-del-insia-ha-sido-galardonado-con-el-prestigioso-premio-dalembert-y-el-iftommaward\\\/#respond\"]}]},{\"@type\":\"WebPage\",\"@id\":\"https:\\\/\\\/segvauto.es\\\/prof-javier-garcia-de-jalon-de-la-fuente-catedratico-de-de-la-etsii-e-investigador-del-insia-ha-sido-galardonado-con-el-prestigioso-premio-dalembert-y-el-iftommaward\\\/\",\"url\":\"https:\\\/\\\/segvauto.es\\\/prof-javier-garcia-de-jalon-de-la-fuente-catedratico-de-de-la-etsii-e-investigador-del-insia-ha-sido-galardonado-con-el-prestigioso-premio-dalembert-y-el-iftommaward\\\/\",\"name\":\"Prof. Javier Garc\u00eda de Jal\u00f3n de la Fuente, catedr\u00e1tico de de la ETSII e investigador del INSIA, ha sido galardonado con el prestigioso premio D\u2019Alembert y el IFToMMAWard - Segvauto-5G-CM\",\"isPartOf\":{\"@id\":\"https:\\\/\\\/segvauto.es\\\/#website\"},\"primaryImageOfPage\":{\"@id\":\"https:\\\/\\\/segvauto.es\\\/prof-javier-garcia-de-jalon-de-la-fuente-catedratico-de-de-la-etsii-e-investigador-del-insia-ha-sido-galardonado-con-el-prestigioso-premio-dalembert-y-el-iftommaward\\\/#primaryimage\"},\"image\":{\"@id\":\"https:\\\/\\\/segvauto.es\\\/prof-javier-garcia-de-jalon-de-la-fuente-catedratico-de-de-la-etsii-e-investigador-del-insia-ha-sido-galardonado-con-el-prestigioso-premio-dalembert-y-el-iftommaward\\\/#primaryimage\"},\"thumbnailUrl\":\"https:\\\/\\\/segvauto.es\\\/wp-content\\\/uploads\\\/2011\\\/06\\\/jgjALON.jpg\",\"datePublished\":\"2011-06-27T10:02:26+00:00\",\"dateModified\":\"2021-11-12T13:46:04+00:00\",\"author\":{\"@id\":\"https:\\\/\\\/segvauto.es\\\/#\\\/schema\\\/person\\\/3ff5331d5fc95abd435261ae5175910c\"},\"breadcrumb\":{\"@id\":\"https:\\\/\\\/segvauto.es\\\/prof-javier-garcia-de-jalon-de-la-fuente-catedratico-de-de-la-etsii-e-investigador-del-insia-ha-sido-galardonado-con-el-prestigioso-premio-dalembert-y-el-iftommaward\\\/#breadcrumb\"},\"inLanguage\":\"en-GB\",\"potentialAction\":[{\"@type\":\"ReadAction\",\"target\":[\"https:\\\/\\\/segvauto.es\\\/prof-javier-garcia-de-jalon-de-la-fuente-catedratico-de-de-la-etsii-e-investigador-del-insia-ha-sido-galardonado-con-el-prestigioso-premio-dalembert-y-el-iftommaward\\\/\"]}]},{\"@type\":\"ImageObject\",\"inLanguage\":\"en-GB\",\"@id\":\"https:\\\/\\\/segvauto.es\\\/prof-javier-garcia-de-jalon-de-la-fuente-catedratico-de-de-la-etsii-e-investigador-del-insia-ha-sido-galardonado-con-el-prestigioso-premio-dalembert-y-el-iftommaward\\\/#primaryimage\",\"url\":\"https:\\\/\\\/segvauto.es\\\/wp-content\\\/uploads\\\/2011\\\/06\\\/jgjALON.jpg\",\"contentUrl\":\"https:\\\/\\\/segvauto.es\\\/wp-content\\\/uploads\\\/2011\\\/06\\\/jgjALON.jpg\",\"width\":100,\"height\":123},{\"@type\":\"BreadcrumbList\",\"@id\":\"https:\\\/\\\/segvauto.es\\\/prof-javier-garcia-de-jalon-de-la-fuente-catedratico-de-de-la-etsii-e-investigador-del-insia-ha-sido-galardonado-con-el-prestigioso-premio-dalembert-y-el-iftommaward\\\/#breadcrumb\",\"itemListElement\":[{\"@type\":\"ListItem\",\"position\":1,\"name\":\"Portada\",\"item\":\"https:\\\/\\\/segvauto.es\\\/\"},{\"@type\":\"ListItem\",\"position\":2,\"name\":\"Prof. Javier Garc\u00eda de Jal\u00f3n de la Fuente, catedr\u00e1tico de de la ETSII e investigador del INSIA, ha sido galardonado con el prestigioso premio D\u2019Alembert y el IFToMMAWard\"}]},{\"@type\":\"WebSite\",\"@id\":\"https:\\\/\\\/segvauto.es\\\/#website\",\"url\":\"https:\\\/\\\/segvauto.es\\\/\",\"name\":\"Segvauto-5G-CM\",\"description\":\"Segvauto-5G-CM\",\"potentialAction\":[{\"@type\":\"SearchAction\",\"target\":{\"@type\":\"EntryPoint\",\"urlTemplate\":\"https:\\\/\\\/segvauto.es\\\/?s={search_term_string}\"},\"query-input\":{\"@type\":\"PropertyValueSpecification\",\"valueRequired\":true,\"valueName\":\"search_term_string\"}}],\"inLanguage\":\"en-GB\"},{\"@type\":\"Person\",\"@id\":\"https:\\\/\\\/segvauto.es\\\/#\\\/schema\\\/person\\\/3ff5331d5fc95abd435261ae5175910c\",\"name\":\"desarrollo\",\"image\":{\"@type\":\"ImageObject\",\"inLanguage\":\"en-GB\",\"@id\":\"https:\\\/\\\/secure.gravatar.com\\\/avatar\\\/adcd1146e74a083903bd51ea0ac5e00b3905e9c35fc0c1b39da8534ca17f7257?s=96&d=mm&r=g\",\"url\":\"https:\\\/\\\/secure.gravatar.com\\\/avatar\\\/adcd1146e74a083903bd51ea0ac5e00b3905e9c35fc0c1b39da8534ca17f7257?s=96&d=mm&r=g\",\"contentUrl\":\"https:\\\/\\\/secure.gravatar.com\\\/avatar\\\/adcd1146e74a083903bd51ea0ac5e00b3905e9c35fc0c1b39da8534ca17f7257?s=96&d=mm&r=g\",\"caption\":\"desarrollo\"},\"sameAs\":[\"https:\\\/\\\/segvauto.es\"],\"url\":\"https:\\\/\\\/segvauto.es\\\/en\\\/author\\\/desarrollo\\\/\"}]}<\/script>\n<!-- \/ Yoast SEO plugin. -->","yoast_head_json":{"title":"Prof. Javier Garc\u00eda de Jal\u00f3n de la Fuente, catedr\u00e1tico de de la ETSII e investigador del INSIA, ha sido galardonado con el prestigioso premio D\u2019Alembert y el IFToMMAWard - Segvauto-5G-CM","robots":{"index":"index","follow":"follow","max-snippet":"max-snippet:-1","max-image-preview":"max-image-preview:large","max-video-preview":"max-video-preview:-1"},"canonical":"https:\/\/segvauto.es\/en\/prof-javier-garcia-de-jalon-de-la-fuente-catedratico-de-de-la-etsii-e-investigador-del-insia-ha-sido-galardonado-con-el-prestigioso-premio-dalembert-y-el-iftommaward\/","og_locale":"en_GB","og_type":"article","og_title":"Prof. Javier Garc\u00eda de Jal\u00f3n de la Fuente, catedr\u00e1tico de de la ETSII e investigador del INSIA, ha sido galardonado con el prestigioso premio D\u2019Alembert y el IFToMMAWard - Segvauto-5G-CM","og_description":"Javier Garc\u00eda de Jal\u00f3n de la Fuente, catedr\u00e1tico de Matem\u00e1tica Aplicada de la ETSII e investigador del INSIA, ha sido galardonado por partida doble con el prestigioso premio D\u2019Alembert, que otorga el Comit\u00e9 T\u00e9cnico sobre Sistemas Multicuerpo y Din\u00e1mica no Lineal (Technical Committee on Multibody Systems and Nonlinear Dynamics) de ASME (American Society of MechanicalEngineers), [&hellip;]","og_url":"https:\/\/segvauto.es\/en\/prof-javier-garcia-de-jalon-de-la-fuente-catedratico-de-de-la-etsii-e-investigador-del-insia-ha-sido-galardonado-con-el-prestigioso-premio-dalembert-y-el-iftommaward\/","og_site_name":"Segvauto-5G-CM","article_published_time":"2011-06-27T10:02:26+00:00","article_modified_time":"2021-11-12T13:46:04+00:00","og_image":[{"width":100,"height":123,"url":"https:\/\/segvauto.es\/wp-content\/uploads\/2011\/06\/jgjALON.jpg","type":"image\/jpeg"}],"author":"desarrollo","twitter_card":"summary_large_image","twitter_misc":{"Written by":"desarrollo","Estimated reading time":"2 minutes"},"schema":{"@context":"https:\/\/schema.org","@graph":[{"@type":"Article","@id":"https:\/\/segvauto.es\/prof-javier-garcia-de-jalon-de-la-fuente-catedratico-de-de-la-etsii-e-investigador-del-insia-ha-sido-galardonado-con-el-prestigioso-premio-dalembert-y-el-iftommaward\/#article","isPartOf":{"@id":"https:\/\/segvauto.es\/prof-javier-garcia-de-jalon-de-la-fuente-catedratico-de-de-la-etsii-e-investigador-del-insia-ha-sido-galardonado-con-el-prestigioso-premio-dalembert-y-el-iftommaward\/"},"author":{"name":"desarrollo","@id":"https:\/\/segvauto.es\/#\/schema\/person\/3ff5331d5fc95abd435261ae5175910c"},"headline":"Prof. Javier Garc\u00eda de Jal\u00f3n de la Fuente, catedr\u00e1tico de de la ETSII e investigador del INSIA, ha sido galardonado con el prestigioso premio D\u2019Alembert y el IFToMMAWard","datePublished":"2011-06-27T10:02:26+00:00","dateModified":"2021-11-12T13:46:04+00:00","mainEntityOfPage":{"@id":"https:\/\/segvauto.es\/prof-javier-garcia-de-jalon-de-la-fuente-catedratico-de-de-la-etsii-e-investigador-del-insia-ha-sido-galardonado-con-el-prestigioso-premio-dalembert-y-el-iftommaward\/"},"wordCount":388,"commentCount":0,"image":{"@id":"https:\/\/segvauto.es\/prof-javier-garcia-de-jalon-de-la-fuente-catedratico-de-de-la-etsii-e-investigador-del-insia-ha-sido-galardonado-con-el-prestigioso-premio-dalembert-y-el-iftommaward\/#primaryimage"},"thumbnailUrl":"https:\/\/segvauto.es\/wp-content\/uploads\/2011\/06\/jgjALON.jpg","articleSection":["Noticia"],"inLanguage":"en-GB","potentialAction":[{"@type":"CommentAction","name":"Comment","target":["https:\/\/segvauto.es\/prof-javier-garcia-de-jalon-de-la-fuente-catedratico-de-de-la-etsii-e-investigador-del-insia-ha-sido-galardonado-con-el-prestigioso-premio-dalembert-y-el-iftommaward\/#respond"]}]},{"@type":"WebPage","@id":"https:\/\/segvauto.es\/prof-javier-garcia-de-jalon-de-la-fuente-catedratico-de-de-la-etsii-e-investigador-del-insia-ha-sido-galardonado-con-el-prestigioso-premio-dalembert-y-el-iftommaward\/","url":"https:\/\/segvauto.es\/prof-javier-garcia-de-jalon-de-la-fuente-catedratico-de-de-la-etsii-e-investigador-del-insia-ha-sido-galardonado-con-el-prestigioso-premio-dalembert-y-el-iftommaward\/","name":"Prof. Javier Garc\u00eda de Jal\u00f3n de la Fuente, catedr\u00e1tico de de la ETSII e investigador del INSIA, ha sido galardonado con el prestigioso premio D\u2019Alembert y el IFToMMAWard - Segvauto-5G-CM","isPartOf":{"@id":"https:\/\/segvauto.es\/#website"},"primaryImageOfPage":{"@id":"https:\/\/segvauto.es\/prof-javier-garcia-de-jalon-de-la-fuente-catedratico-de-de-la-etsii-e-investigador-del-insia-ha-sido-galardonado-con-el-prestigioso-premio-dalembert-y-el-iftommaward\/#primaryimage"},"image":{"@id":"https:\/\/segvauto.es\/prof-javier-garcia-de-jalon-de-la-fuente-catedratico-de-de-la-etsii-e-investigador-del-insia-ha-sido-galardonado-con-el-prestigioso-premio-dalembert-y-el-iftommaward\/#primaryimage"},"thumbnailUrl":"https:\/\/segvauto.es\/wp-content\/uploads\/2011\/06\/jgjALON.jpg","datePublished":"2011-06-27T10:02:26+00:00","dateModified":"2021-11-12T13:46:04+00:00","author":{"@id":"https:\/\/segvauto.es\/#\/schema\/person\/3ff5331d5fc95abd435261ae5175910c"},"breadcrumb":{"@id":"https:\/\/segvauto.es\/prof-javier-garcia-de-jalon-de-la-fuente-catedratico-de-de-la-etsii-e-investigador-del-insia-ha-sido-galardonado-con-el-prestigioso-premio-dalembert-y-el-iftommaward\/#breadcrumb"},"inLanguage":"en-GB","potentialAction":[{"@type":"ReadAction","target":["https:\/\/segvauto.es\/prof-javier-garcia-de-jalon-de-la-fuente-catedratico-de-de-la-etsii-e-investigador-del-insia-ha-sido-galardonado-con-el-prestigioso-premio-dalembert-y-el-iftommaward\/"]}]},{"@type":"ImageObject","inLanguage":"en-GB","@id":"https:\/\/segvauto.es\/prof-javier-garcia-de-jalon-de-la-fuente-catedratico-de-de-la-etsii-e-investigador-del-insia-ha-sido-galardonado-con-el-prestigioso-premio-dalembert-y-el-iftommaward\/#primaryimage","url":"https:\/\/segvauto.es\/wp-content\/uploads\/2011\/06\/jgjALON.jpg","contentUrl":"https:\/\/segvauto.es\/wp-content\/uploads\/2011\/06\/jgjALON.jpg","width":100,"height":123},{"@type":"BreadcrumbList","@id":"https:\/\/segvauto.es\/prof-javier-garcia-de-jalon-de-la-fuente-catedratico-de-de-la-etsii-e-investigador-del-insia-ha-sido-galardonado-con-el-prestigioso-premio-dalembert-y-el-iftommaward\/#breadcrumb","itemListElement":[{"@type":"ListItem","position":1,"name":"Portada","item":"https:\/\/segvauto.es\/"},{"@type":"ListItem","position":2,"name":"Prof. Javier Garc\u00eda de Jal\u00f3n de la Fuente, catedr\u00e1tico de de la ETSII e investigador del INSIA, ha sido galardonado con el prestigioso premio D\u2019Alembert y el IFToMMAWard"}]},{"@type":"WebSite","@id":"https:\/\/segvauto.es\/#website","url":"https:\/\/segvauto.es\/","name":"Segvauto-5G-CM","description":"Segvauto-5G-CM","potentialAction":[{"@type":"SearchAction","target":{"@type":"EntryPoint","urlTemplate":"https:\/\/segvauto.es\/?s={search_term_string}"},"query-input":{"@type":"PropertyValueSpecification","valueRequired":true,"valueName":"search_term_string"}}],"inLanguage":"en-GB"},{"@type":"Person","@id":"https:\/\/segvauto.es\/#\/schema\/person\/3ff5331d5fc95abd435261ae5175910c","name":"desarrollo","image":{"@type":"ImageObject","inLanguage":"en-GB","@id":"https:\/\/secure.gravatar.com\/avatar\/adcd1146e74a083903bd51ea0ac5e00b3905e9c35fc0c1b39da8534ca17f7257?s=96&d=mm&r=g","url":"https:\/\/secure.gravatar.com\/avatar\/adcd1146e74a083903bd51ea0ac5e00b3905e9c35fc0c1b39da8534ca17f7257?s=96&d=mm&r=g","contentUrl":"https:\/\/secure.gravatar.com\/avatar\/adcd1146e74a083903bd51ea0ac5e00b3905e9c35fc0c1b39da8534ca17f7257?s=96&d=mm&r=g","caption":"desarrollo"},"sameAs":["https:\/\/segvauto.es"],"url":"https:\/\/segvauto.es\/en\/author\/desarrollo\/"}]}},"_links":{"self":[{"href":"https:\/\/segvauto.es\/en\/wp-json\/wp\/v2\/posts\/133","targetHints":{"allow":["GET"]}}],"collection":[{"href":"https:\/\/segvauto.es\/en\/wp-json\/wp\/v2\/posts"}],"about":[{"href":"https:\/\/segvauto.es\/en\/wp-json\/wp\/v2\/types\/post"}],"author":[{"embeddable":true,"href":"https:\/\/segvauto.es\/en\/wp-json\/wp\/v2\/users\/1"}],"replies":[{"embeddable":true,"href":"https:\/\/segvauto.es\/en\/wp-json\/wp\/v2\/comments?post=133"}],"version-history":[{"count":1,"href":"https:\/\/segvauto.es\/en\/wp-json\/wp\/v2\/posts\/133\/revisions"}],"predecessor-version":[{"id":14067,"href":"https:\/\/segvauto.es\/en\/wp-json\/wp\/v2\/posts\/133\/revisions\/14067"}],"wp:featuredmedia":[{"embeddable":true,"href":"https:\/\/segvauto.es\/en\/wp-json\/wp\/v2\/media\/14066"}],"wp:attachment":[{"href":"https:\/\/segvauto.es\/en\/wp-json\/wp\/v2\/media?parent=133"}],"wp:term":[{"taxonomy":"category","embeddable":true,"href":"https:\/\/segvauto.es\/en\/wp-json\/wp\/v2\/categories?post=133"},{"taxonomy":"post_tag","embeddable":true,"href":"https:\/\/segvauto.es\/en\/wp-json\/wp\/v2\/tags?post=133"}],"curies":[{"name":"wp","href":"https:\/\/api.w.org\/{rel}","templated":true}]}}