{"id":13460,"date":"2016-07-08T11:17:35","date_gmt":"2016-07-08T11:17:35","guid":{"rendered":"http:\/\/www.segvauto.es\/?p=13460"},"modified":"2021-11-12T13:35:33","modified_gmt":"2021-11-12T13:35:33","slug":"uso-materiales-inteligentes-combinados-mejorar-la-eficacia-la-senalizacion-vial","status":"publish","type":"post","link":"https:\/\/segvauto.es\/en\/uso-materiales-inteligentes-combinados-mejorar-la-eficacia-la-senalizacion-vial\/","title":{"rendered":"Uso de materiales inteligentes combinados para mejorar la eficacia de la se\u00f1alizaci\u00f3n vial"},"content":{"rendered":"<p>En los \u00faltimos a\u00f1os ha proliferado el uso de dispositivos fotovoltaicos para la captaci\u00f3n de energ\u00eda solar durante las horas diurnas y su posterior liberaci\u00f3n durante las 24 horas del d\u00eda mediante LEDs en se\u00f1ales de tr\u00e1fico. Estas se\u00f1ales de tr\u00e1fico frecuentemente se acompa\u00f1an de material retrorreflectante para aumentar su visibilidad.<br \/>\n<strong>Nuestra propuesta<\/strong><br \/>\nEs una alternativa al sistema de iluminaci\u00f3n de LEDs alimentados por energ\u00eda solar. Se basa en la fabricaci\u00f3n de dispositivos de se\u00f1alizaci\u00f3n alimentados igualmente por energ\u00eda solar mediante c\u00e9lulas fotovoltaicas.<img loading=\"lazy\" decoding=\"async\" class=\"size-medium wp-image-13462 alignleft\" src=\"https:\/\/segvauto.es\/wp-content\/uploads\/2021\/11\/Diapositiva2-300x225.png\" alt=\"Diapositiva2\" width=\"300\" height=\"225\" \/><\/p>\n<p style=\"text-align: justify;\">La diferencia es que en vez de suministrar la energ\u00eda a una fuente emisora de luz tipo LED, se aportar\u00e1 energ\u00eda el\u00e9ctrica directamente a un tipo de material inteligente llamado electroluminiscente, generando luz por s\u00ed mismo.<\/p>\n<p>El material inteligente propuesto es un pol\u00edmero conductor y capaz de emitir luz debido a los electrones deslocalizados de los dobles enlaces. En la actualidad existen algunos de estos materiales susceptibles a ser implementados en se\u00f1alizaci\u00f3n vial.<br \/>\n<img loading=\"lazy\" decoding=\"async\" class=\"size-medium wp-image-13461 alignright\" src=\"https:\/\/segvauto.es\/wp-content\/uploads\/2021\/11\/Diapositiva1-300x225.png\" alt=\"Diapositiva1\" width=\"300\" height=\"225\" \/><br \/>\n<strong>Ventajas en sus aplicaciones<\/strong><br \/>\nLas aplicaciones que puede tener este nuevo tipo de se\u00f1alizaci\u00f3n vertical son las mismas que las de las se\u00f1ales de tr\u00e1fico que usan el sistema c\u00e9lula fotovoltaica &#8211; LED, pero con las ventajas de poseer un mantenimiento m\u00e1s simple (sin sistema LED), de tener un peso m\u00e1s ligero y ser de un dise\u00f1o m\u00e1s estilizado, con m\u00e1s facilidad para la instalaci\u00f3n.<br \/>\nAdem\u00e1s, a diferencia de la iluminaci\u00f3n mediante LEDs, la iluminaci\u00f3n de la se\u00f1al en su totalidad aumenta el grado en qu\u00e9 se percibe en situaciones de baja visibilidad (de noche, bajo condiciones meteorol\u00f3gicas adversas, etc.). Puede aplicarse tambi\u00e9n en t\u00faneles o zonas oscuras, considerando la separaci\u00f3n entre el sistema de captaci\u00f3n de energ\u00eda solar y la bater\u00eda (al exterior) y el circuito con los elementos electroluminiscentes instalados en el interior.<br \/>\nTodo esto conlleva una mejora, no ya en el espectro de aplicaciones de las se\u00f1ales lum\u00ednicas, sino en los propios sistemas de se\u00f1alizaci\u00f3n vertical.<\/p>","protected":false},"excerpt":{"rendered":"<p>En los \u00faltimos a\u00f1os ha proliferado el uso de dispositivos fotovoltaicos para la captaci\u00f3n de energ\u00eda solar durante las horas diurnas y su posterior liberaci\u00f3n durante las 24 horas del d\u00eda mediante LEDs en se\u00f1ales de tr\u00e1fico. Estas se\u00f1ales de tr\u00e1fico frecuentemente se acompa\u00f1an de material retrorreflectante para aumentar su visibilidad. Nuestra propuesta Es una [&hellip;]<\/p>\n","protected":false},"author":1,"featured_media":14048,"comment_status":"closed","ping_status":"open","sticky":false,"template":"","format":"standard","meta":{"_et_pb_use_builder":"","_et_pb_old_content":"","_et_gb_content_width":"","footnotes":""},"categories":[9],"tags":[13,14],"class_list":["post-13460","post","type-post","status-publish","format-standard","has-post-thumbnail","hentry","category-announcement","tag-materiales-inteligentes","tag-senalizacion-vial"],"yoast_head":"<!-- This site is optimized with the Yoast SEO plugin v27.5 - https:\/\/yoast.com\/product\/yoast-seo-wordpress\/ -->\n<title>Uso de materiales inteligentes combinados para mejorar la eficacia de la se\u00f1alizaci\u00f3n vial - Segvauto-5G-CM<\/title>\n<meta name=\"robots\" content=\"index, follow, max-snippet:-1, max-image-preview:large, max-video-preview:-1\" \/>\n<link rel=\"canonical\" href=\"https:\/\/segvauto.es\/en\/uso-materiales-inteligentes-combinados-mejorar-la-eficacia-la-senalizacion-vial\/\" \/>\n<meta property=\"og:locale\" content=\"en_GB\" \/>\n<meta property=\"og:type\" content=\"article\" \/>\n<meta property=\"og:title\" content=\"Uso de materiales inteligentes combinados para mejorar la eficacia de la se\u00f1alizaci\u00f3n vial - Segvauto-5G-CM\" \/>\n<meta property=\"og:description\" content=\"En los \u00faltimos a\u00f1os ha proliferado el uso de dispositivos fotovoltaicos para la captaci\u00f3n de energ\u00eda solar durante las horas diurnas y su posterior liberaci\u00f3n durante las 24 horas del d\u00eda mediante LEDs en se\u00f1ales de tr\u00e1fico. Estas se\u00f1ales de tr\u00e1fico frecuentemente se acompa\u00f1an de material retrorreflectante para aumentar su visibilidad. Nuestra propuesta Es una [&hellip;]\" \/>\n<meta property=\"og:url\" content=\"https:\/\/segvauto.es\/en\/uso-materiales-inteligentes-combinados-mejorar-la-eficacia-la-senalizacion-vial\/\" \/>\n<meta property=\"og:site_name\" content=\"Segvauto-5G-CM\" \/>\n<meta property=\"article:published_time\" content=\"2016-07-08T11:17:35+00:00\" \/>\n<meta property=\"article:modified_time\" content=\"2021-11-12T13:35:33+00:00\" \/>\n<meta property=\"og:image\" content=\"https:\/\/segvauto.es\/wp-content\/uploads\/2016\/07\/Diapositiva1-800x600-1.png\" \/>\n\t<meta property=\"og:image:width\" content=\"800\" \/>\n\t<meta property=\"og:image:height\" content=\"600\" \/>\n\t<meta property=\"og:image:type\" content=\"image\/png\" \/>\n<meta name=\"author\" content=\"desarrollo\" \/>\n<meta name=\"twitter:card\" content=\"summary_large_image\" \/>\n<meta name=\"twitter:label1\" content=\"Written by\" \/>\n\t<meta name=\"twitter:data1\" content=\"desarrollo\" \/>\n\t<meta name=\"twitter:label2\" content=\"Estimated reading time\" \/>\n\t<meta name=\"twitter:data2\" content=\"2 minutes\" \/>\n<script type=\"application\/ld+json\" class=\"yoast-schema-graph\">{\"@context\":\"https:\\\/\\\/schema.org\",\"@graph\":[{\"@type\":\"Article\",\"@id\":\"https:\\\/\\\/segvauto.es\\\/uso-materiales-inteligentes-combinados-mejorar-la-eficacia-la-senalizacion-vial\\\/#article\",\"isPartOf\":{\"@id\":\"https:\\\/\\\/segvauto.es\\\/uso-materiales-inteligentes-combinados-mejorar-la-eficacia-la-senalizacion-vial\\\/\"},\"author\":{\"name\":\"desarrollo\",\"@id\":\"https:\\\/\\\/segvauto.es\\\/#\\\/schema\\\/person\\\/3ff5331d5fc95abd435261ae5175910c\"},\"headline\":\"Uso de materiales inteligentes combinados para mejorar la eficacia de la se\u00f1alizaci\u00f3n vial\",\"datePublished\":\"2016-07-08T11:17:35+00:00\",\"dateModified\":\"2021-11-12T13:35:33+00:00\",\"mainEntityOfPage\":{\"@id\":\"https:\\\/\\\/segvauto.es\\\/uso-materiales-inteligentes-combinados-mejorar-la-eficacia-la-senalizacion-vial\\\/\"},\"wordCount\":378,\"image\":{\"@id\":\"https:\\\/\\\/segvauto.es\\\/uso-materiales-inteligentes-combinados-mejorar-la-eficacia-la-senalizacion-vial\\\/#primaryimage\"},\"thumbnailUrl\":\"https:\\\/\\\/segvauto.es\\\/wp-content\\\/uploads\\\/2016\\\/07\\\/Diapositiva1-800x600-1.png\",\"keywords\":[\"materiales inteligentes\",\"se\u00f1alizaci\u00f3n vial\"],\"articleSection\":[\"Noticia\"],\"inLanguage\":\"en-GB\"},{\"@type\":\"WebPage\",\"@id\":\"https:\\\/\\\/segvauto.es\\\/uso-materiales-inteligentes-combinados-mejorar-la-eficacia-la-senalizacion-vial\\\/\",\"url\":\"https:\\\/\\\/segvauto.es\\\/uso-materiales-inteligentes-combinados-mejorar-la-eficacia-la-senalizacion-vial\\\/\",\"name\":\"Uso de materiales inteligentes combinados para mejorar la eficacia de la se\u00f1alizaci\u00f3n vial - Segvauto-5G-CM\",\"isPartOf\":{\"@id\":\"https:\\\/\\\/segvauto.es\\\/#website\"},\"primaryImageOfPage\":{\"@id\":\"https:\\\/\\\/segvauto.es\\\/uso-materiales-inteligentes-combinados-mejorar-la-eficacia-la-senalizacion-vial\\\/#primaryimage\"},\"image\":{\"@id\":\"https:\\\/\\\/segvauto.es\\\/uso-materiales-inteligentes-combinados-mejorar-la-eficacia-la-senalizacion-vial\\\/#primaryimage\"},\"thumbnailUrl\":\"https:\\\/\\\/segvauto.es\\\/wp-content\\\/uploads\\\/2016\\\/07\\\/Diapositiva1-800x600-1.png\",\"datePublished\":\"2016-07-08T11:17:35+00:00\",\"dateModified\":\"2021-11-12T13:35:33+00:00\",\"author\":{\"@id\":\"https:\\\/\\\/segvauto.es\\\/#\\\/schema\\\/person\\\/3ff5331d5fc95abd435261ae5175910c\"},\"breadcrumb\":{\"@id\":\"https:\\\/\\\/segvauto.es\\\/uso-materiales-inteligentes-combinados-mejorar-la-eficacia-la-senalizacion-vial\\\/#breadcrumb\"},\"inLanguage\":\"en-GB\",\"potentialAction\":[{\"@type\":\"ReadAction\",\"target\":[\"https:\\\/\\\/segvauto.es\\\/uso-materiales-inteligentes-combinados-mejorar-la-eficacia-la-senalizacion-vial\\\/\"]}]},{\"@type\":\"ImageObject\",\"inLanguage\":\"en-GB\",\"@id\":\"https:\\\/\\\/segvauto.es\\\/uso-materiales-inteligentes-combinados-mejorar-la-eficacia-la-senalizacion-vial\\\/#primaryimage\",\"url\":\"https:\\\/\\\/segvauto.es\\\/wp-content\\\/uploads\\\/2016\\\/07\\\/Diapositiva1-800x600-1.png\",\"contentUrl\":\"https:\\\/\\\/segvauto.es\\\/wp-content\\\/uploads\\\/2016\\\/07\\\/Diapositiva1-800x600-1.png\",\"width\":800,\"height\":600},{\"@type\":\"BreadcrumbList\",\"@id\":\"https:\\\/\\\/segvauto.es\\\/uso-materiales-inteligentes-combinados-mejorar-la-eficacia-la-senalizacion-vial\\\/#breadcrumb\",\"itemListElement\":[{\"@type\":\"ListItem\",\"position\":1,\"name\":\"Portada\",\"item\":\"https:\\\/\\\/segvauto.es\\\/\"},{\"@type\":\"ListItem\",\"position\":2,\"name\":\"Uso de materiales inteligentes combinados para mejorar la eficacia de la se\u00f1alizaci\u00f3n vial\"}]},{\"@type\":\"WebSite\",\"@id\":\"https:\\\/\\\/segvauto.es\\\/#website\",\"url\":\"https:\\\/\\\/segvauto.es\\\/\",\"name\":\"Segvauto-5G-CM\",\"description\":\"Segvauto-5G-CM\",\"potentialAction\":[{\"@type\":\"SearchAction\",\"target\":{\"@type\":\"EntryPoint\",\"urlTemplate\":\"https:\\\/\\\/segvauto.es\\\/?s={search_term_string}\"},\"query-input\":{\"@type\":\"PropertyValueSpecification\",\"valueRequired\":true,\"valueName\":\"search_term_string\"}}],\"inLanguage\":\"en-GB\"},{\"@type\":\"Person\",\"@id\":\"https:\\\/\\\/segvauto.es\\\/#\\\/schema\\\/person\\\/3ff5331d5fc95abd435261ae5175910c\",\"name\":\"desarrollo\",\"image\":{\"@type\":\"ImageObject\",\"inLanguage\":\"en-GB\",\"@id\":\"https:\\\/\\\/secure.gravatar.com\\\/avatar\\\/adcd1146e74a083903bd51ea0ac5e00b3905e9c35fc0c1b39da8534ca17f7257?s=96&d=mm&r=g\",\"url\":\"https:\\\/\\\/secure.gravatar.com\\\/avatar\\\/adcd1146e74a083903bd51ea0ac5e00b3905e9c35fc0c1b39da8534ca17f7257?s=96&d=mm&r=g\",\"contentUrl\":\"https:\\\/\\\/secure.gravatar.com\\\/avatar\\\/adcd1146e74a083903bd51ea0ac5e00b3905e9c35fc0c1b39da8534ca17f7257?s=96&d=mm&r=g\",\"caption\":\"desarrollo\"},\"sameAs\":[\"https:\\\/\\\/segvauto.es\"],\"url\":\"https:\\\/\\\/segvauto.es\\\/en\\\/author\\\/desarrollo\\\/\"}]}<\/script>\n<!-- \/ Yoast SEO plugin. -->","yoast_head_json":{"title":"Uso de materiales inteligentes combinados para mejorar la eficacia de la se\u00f1alizaci\u00f3n vial - Segvauto-5G-CM","robots":{"index":"index","follow":"follow","max-snippet":"max-snippet:-1","max-image-preview":"max-image-preview:large","max-video-preview":"max-video-preview:-1"},"canonical":"https:\/\/segvauto.es\/en\/uso-materiales-inteligentes-combinados-mejorar-la-eficacia-la-senalizacion-vial\/","og_locale":"en_GB","og_type":"article","og_title":"Uso de materiales inteligentes combinados para mejorar la eficacia de la se\u00f1alizaci\u00f3n vial - Segvauto-5G-CM","og_description":"En los \u00faltimos a\u00f1os ha proliferado el uso de dispositivos fotovoltaicos para la captaci\u00f3n de energ\u00eda solar durante las horas diurnas y su posterior liberaci\u00f3n durante las 24 horas del d\u00eda mediante LEDs en se\u00f1ales de tr\u00e1fico. Estas se\u00f1ales de tr\u00e1fico frecuentemente se acompa\u00f1an de material retrorreflectante para aumentar su visibilidad. Nuestra propuesta Es una [&hellip;]","og_url":"https:\/\/segvauto.es\/en\/uso-materiales-inteligentes-combinados-mejorar-la-eficacia-la-senalizacion-vial\/","og_site_name":"Segvauto-5G-CM","article_published_time":"2016-07-08T11:17:35+00:00","article_modified_time":"2021-11-12T13:35:33+00:00","og_image":[{"width":800,"height":600,"url":"https:\/\/segvauto.es\/wp-content\/uploads\/2016\/07\/Diapositiva1-800x600-1.png","type":"image\/png"}],"author":"desarrollo","twitter_card":"summary_large_image","twitter_misc":{"Written by":"desarrollo","Estimated reading time":"2 minutes"},"schema":{"@context":"https:\/\/schema.org","@graph":[{"@type":"Article","@id":"https:\/\/segvauto.es\/uso-materiales-inteligentes-combinados-mejorar-la-eficacia-la-senalizacion-vial\/#article","isPartOf":{"@id":"https:\/\/segvauto.es\/uso-materiales-inteligentes-combinados-mejorar-la-eficacia-la-senalizacion-vial\/"},"author":{"name":"desarrollo","@id":"https:\/\/segvauto.es\/#\/schema\/person\/3ff5331d5fc95abd435261ae5175910c"},"headline":"Uso de materiales inteligentes combinados para mejorar la eficacia de la se\u00f1alizaci\u00f3n vial","datePublished":"2016-07-08T11:17:35+00:00","dateModified":"2021-11-12T13:35:33+00:00","mainEntityOfPage":{"@id":"https:\/\/segvauto.es\/uso-materiales-inteligentes-combinados-mejorar-la-eficacia-la-senalizacion-vial\/"},"wordCount":378,"image":{"@id":"https:\/\/segvauto.es\/uso-materiales-inteligentes-combinados-mejorar-la-eficacia-la-senalizacion-vial\/#primaryimage"},"thumbnailUrl":"https:\/\/segvauto.es\/wp-content\/uploads\/2016\/07\/Diapositiva1-800x600-1.png","keywords":["materiales inteligentes","se\u00f1alizaci\u00f3n vial"],"articleSection":["Noticia"],"inLanguage":"en-GB"},{"@type":"WebPage","@id":"https:\/\/segvauto.es\/uso-materiales-inteligentes-combinados-mejorar-la-eficacia-la-senalizacion-vial\/","url":"https:\/\/segvauto.es\/uso-materiales-inteligentes-combinados-mejorar-la-eficacia-la-senalizacion-vial\/","name":"Uso de materiales inteligentes combinados para mejorar la eficacia de la se\u00f1alizaci\u00f3n vial - Segvauto-5G-CM","isPartOf":{"@id":"https:\/\/segvauto.es\/#website"},"primaryImageOfPage":{"@id":"https:\/\/segvauto.es\/uso-materiales-inteligentes-combinados-mejorar-la-eficacia-la-senalizacion-vial\/#primaryimage"},"image":{"@id":"https:\/\/segvauto.es\/uso-materiales-inteligentes-combinados-mejorar-la-eficacia-la-senalizacion-vial\/#primaryimage"},"thumbnailUrl":"https:\/\/segvauto.es\/wp-content\/uploads\/2016\/07\/Diapositiva1-800x600-1.png","datePublished":"2016-07-08T11:17:35+00:00","dateModified":"2021-11-12T13:35:33+00:00","author":{"@id":"https:\/\/segvauto.es\/#\/schema\/person\/3ff5331d5fc95abd435261ae5175910c"},"breadcrumb":{"@id":"https:\/\/segvauto.es\/uso-materiales-inteligentes-combinados-mejorar-la-eficacia-la-senalizacion-vial\/#breadcrumb"},"inLanguage":"en-GB","potentialAction":[{"@type":"ReadAction","target":["https:\/\/segvauto.es\/uso-materiales-inteligentes-combinados-mejorar-la-eficacia-la-senalizacion-vial\/"]}]},{"@type":"ImageObject","inLanguage":"en-GB","@id":"https:\/\/segvauto.es\/uso-materiales-inteligentes-combinados-mejorar-la-eficacia-la-senalizacion-vial\/#primaryimage","url":"https:\/\/segvauto.es\/wp-content\/uploads\/2016\/07\/Diapositiva1-800x600-1.png","contentUrl":"https:\/\/segvauto.es\/wp-content\/uploads\/2016\/07\/Diapositiva1-800x600-1.png","width":800,"height":600},{"@type":"BreadcrumbList","@id":"https:\/\/segvauto.es\/uso-materiales-inteligentes-combinados-mejorar-la-eficacia-la-senalizacion-vial\/#breadcrumb","itemListElement":[{"@type":"ListItem","position":1,"name":"Portada","item":"https:\/\/segvauto.es\/"},{"@type":"ListItem","position":2,"name":"Uso de materiales inteligentes combinados para mejorar la eficacia de la se\u00f1alizaci\u00f3n vial"}]},{"@type":"WebSite","@id":"https:\/\/segvauto.es\/#website","url":"https:\/\/segvauto.es\/","name":"Segvauto-5G-CM","description":"Segvauto-5G-CM","potentialAction":[{"@type":"SearchAction","target":{"@type":"EntryPoint","urlTemplate":"https:\/\/segvauto.es\/?s={search_term_string}"},"query-input":{"@type":"PropertyValueSpecification","valueRequired":true,"valueName":"search_term_string"}}],"inLanguage":"en-GB"},{"@type":"Person","@id":"https:\/\/segvauto.es\/#\/schema\/person\/3ff5331d5fc95abd435261ae5175910c","name":"desarrollo","image":{"@type":"ImageObject","inLanguage":"en-GB","@id":"https:\/\/secure.gravatar.com\/avatar\/adcd1146e74a083903bd51ea0ac5e00b3905e9c35fc0c1b39da8534ca17f7257?s=96&d=mm&r=g","url":"https:\/\/secure.gravatar.com\/avatar\/adcd1146e74a083903bd51ea0ac5e00b3905e9c35fc0c1b39da8534ca17f7257?s=96&d=mm&r=g","contentUrl":"https:\/\/secure.gravatar.com\/avatar\/adcd1146e74a083903bd51ea0ac5e00b3905e9c35fc0c1b39da8534ca17f7257?s=96&d=mm&r=g","caption":"desarrollo"},"sameAs":["https:\/\/segvauto.es"],"url":"https:\/\/segvauto.es\/en\/author\/desarrollo\/"}]}},"_links":{"self":[{"href":"https:\/\/segvauto.es\/en\/wp-json\/wp\/v2\/posts\/13460","targetHints":{"allow":["GET"]}}],"collection":[{"href":"https:\/\/segvauto.es\/en\/wp-json\/wp\/v2\/posts"}],"about":[{"href":"https:\/\/segvauto.es\/en\/wp-json\/wp\/v2\/types\/post"}],"author":[{"embeddable":true,"href":"https:\/\/segvauto.es\/en\/wp-json\/wp\/v2\/users\/1"}],"replies":[{"embeddable":true,"href":"https:\/\/segvauto.es\/en\/wp-json\/wp\/v2\/comments?post=13460"}],"version-history":[{"count":1,"href":"https:\/\/segvauto.es\/en\/wp-json\/wp\/v2\/posts\/13460\/revisions"}],"predecessor-version":[{"id":14049,"href":"https:\/\/segvauto.es\/en\/wp-json\/wp\/v2\/posts\/13460\/revisions\/14049"}],"wp:featuredmedia":[{"embeddable":true,"href":"https:\/\/segvauto.es\/en\/wp-json\/wp\/v2\/media\/14048"}],"wp:attachment":[{"href":"https:\/\/segvauto.es\/en\/wp-json\/wp\/v2\/media?parent=13460"}],"wp:term":[{"taxonomy":"category","embeddable":true,"href":"https:\/\/segvauto.es\/en\/wp-json\/wp\/v2\/categories?post=13460"},{"taxonomy":"post_tag","embeddable":true,"href":"https:\/\/segvauto.es\/en\/wp-json\/wp\/v2\/tags?post=13460"}],"curies":[{"name":"wp","href":"https:\/\/api.w.org\/{rel}","templated":true}]}}