{"id":13780,"date":"2013-07-17T20:57:27","date_gmt":"2013-07-17T20:57:27","guid":{"rendered":"http:\/\/www.segvauto.es\/jornada-vehiculos-y-transportes-idi-en-la-upm"},"modified":"2021-11-12T13:42:39","modified_gmt":"2021-11-12T13:42:39","slug":"jornada-vehiculos-y-transportes-idi-en-la-upm","status":"publish","type":"post","link":"https:\/\/segvauto.es\/en\/jornada-vehiculos-y-transportes-idi-en-la-upm\/","title":{"rendered":"Jornada Veh\u00edculos y Transportes: I+D+i en la UPM"},"content":{"rendered":"<p>El INSIA celebra este a\u00f1o 2013 su XX aniversario, raz\u00f3n por la\u00a0cu\u00e1l\u00a0 estamos organizando una serie de eventos de conmemoraci\u00f3n. Uno de ellos es la realizaci\u00f3n de una Jornada, que tenemos previsto celebrar el d\u00eda 19 de septiembre, sobre\u00a0\u201cVeh\u00edculos y\u00a0\u00a0Transportes: I+D+i en la UPM\u201dM\u00e1s info<br \/>\nSource: segvauto<\/p>","protected":false},"excerpt":{"rendered":"<p>El INSIA celebra este a\u00f1o 2013 su XX aniversario, raz\u00f3n por la\u00a0cu\u00e1l\u00a0 estamos organizando una serie de eventos de conmemoraci\u00f3n. Uno de ellos es la realizaci\u00f3n de una Jornada, que tenemos previsto celebrar el d\u00eda 19 de septiembre, sobre\u00a0\u201cVeh\u00edculos y\u00a0\u00a0Transportes: I+D+i en la UPM\u201dM\u00e1s info Source: segvauto<\/p>","protected":false},"author":1,"featured_media":14059,"comment_status":"open","ping_status":"open","sticky":false,"template":"","format":"standard","meta":{"_et_pb_use_builder":"","_et_pb_old_content":"","_et_gb_content_width":"","footnotes":""},"categories":[9],"tags":[],"class_list":["post-13780","post","type-post","status-publish","format-standard","has-post-thumbnail","hentry","category-announcement"],"yoast_head":"<!-- This site is optimized with the Yoast SEO plugin v27.5 - https:\/\/yoast.com\/product\/yoast-seo-wordpress\/ -->\n<title>Jornada Veh\u00edculos y Transportes: I+D+i en la UPM - Segvauto-5G-CM<\/title>\n<meta name=\"robots\" content=\"index, follow, max-snippet:-1, max-image-preview:large, max-video-preview:-1\" \/>\n<link rel=\"canonical\" href=\"https:\/\/segvauto.es\/en\/jornada-vehiculos-y-transportes-idi-en-la-upm\/\" \/>\n<meta property=\"og:locale\" content=\"en_GB\" \/>\n<meta property=\"og:type\" content=\"article\" \/>\n<meta property=\"og:title\" content=\"Jornada Veh\u00edculos y Transportes: I+D+i en la UPM - Segvauto-5G-CM\" \/>\n<meta property=\"og:description\" content=\"El INSIA celebra este a\u00f1o 2013 su XX aniversario, raz\u00f3n por la\u00a0cu\u00e1l\u00a0 estamos organizando una serie de eventos de conmemoraci\u00f3n. Uno de ellos es la realizaci\u00f3n de una Jornada, que tenemos previsto celebrar el d\u00eda 19 de septiembre, sobre\u00a0\u201cVeh\u00edculos y\u00a0\u00a0Transportes: I+D+i en la UPM\u201dM\u00e1s info Source: segvauto\" \/>\n<meta property=\"og:url\" content=\"https:\/\/segvauto.es\/en\/jornada-vehiculos-y-transportes-idi-en-la-upm\/\" \/>\n<meta property=\"og:site_name\" content=\"Segvauto-5G-CM\" \/>\n<meta property=\"article:published_time\" content=\"2013-07-17T20:57:27+00:00\" \/>\n<meta property=\"article:modified_time\" content=\"2021-11-12T13:42:39+00:00\" \/>\n<meta property=\"og:image\" content=\"https:\/\/segvauto.es\/wp-content\/uploads\/2013\/07\/JORNADA20SOBRE20VEHICULOS20Y20TRANSPORTES20UPM-INSIA.jpg\" \/>\n\t<meta property=\"og:image:width\" content=\"615\" \/>\n\t<meta property=\"og:image:height\" content=\"248\" \/>\n\t<meta property=\"og:image:type\" content=\"image\/jpeg\" \/>\n<meta name=\"author\" content=\"desarrollo\" \/>\n<meta name=\"twitter:card\" content=\"summary_large_image\" \/>\n<meta name=\"twitter:label1\" content=\"Written by\" \/>\n\t<meta name=\"twitter:data1\" content=\"desarrollo\" \/>\n<script type=\"application\/ld+json\" class=\"yoast-schema-graph\">{\"@context\":\"https:\\\/\\\/schema.org\",\"@graph\":[{\"@type\":\"Article\",\"@id\":\"https:\\\/\\\/segvauto.es\\\/jornada-vehiculos-y-transportes-idi-en-la-upm\\\/#article\",\"isPartOf\":{\"@id\":\"https:\\\/\\\/segvauto.es\\\/jornada-vehiculos-y-transportes-idi-en-la-upm\\\/\"},\"author\":{\"name\":\"desarrollo\",\"@id\":\"https:\\\/\\\/segvauto.es\\\/#\\\/schema\\\/person\\\/3ff5331d5fc95abd435261ae5175910c\"},\"headline\":\"Jornada Veh\u00edculos y Transportes: I+D+i en la UPM\",\"datePublished\":\"2013-07-17T20:57:27+00:00\",\"dateModified\":\"2021-11-12T13:42:39+00:00\",\"mainEntityOfPage\":{\"@id\":\"https:\\\/\\\/segvauto.es\\\/jornada-vehiculos-y-transportes-idi-en-la-upm\\\/\"},\"wordCount\":70,\"commentCount\":0,\"image\":{\"@id\":\"https:\\\/\\\/segvauto.es\\\/jornada-vehiculos-y-transportes-idi-en-la-upm\\\/#primaryimage\"},\"thumbnailUrl\":\"https:\\\/\\\/segvauto.es\\\/wp-content\\\/uploads\\\/2013\\\/07\\\/JORNADA20SOBRE20VEHICULOS20Y20TRANSPORTES20UPM-INSIA.jpg\",\"articleSection\":[\"Noticia\"],\"inLanguage\":\"en-GB\",\"potentialAction\":[{\"@type\":\"CommentAction\",\"name\":\"Comment\",\"target\":[\"https:\\\/\\\/segvauto.es\\\/jornada-vehiculos-y-transportes-idi-en-la-upm\\\/#respond\"]}]},{\"@type\":\"WebPage\",\"@id\":\"https:\\\/\\\/segvauto.es\\\/jornada-vehiculos-y-transportes-idi-en-la-upm\\\/\",\"url\":\"https:\\\/\\\/segvauto.es\\\/jornada-vehiculos-y-transportes-idi-en-la-upm\\\/\",\"name\":\"Jornada Veh\u00edculos y Transportes: I+D+i en la UPM - Segvauto-5G-CM\",\"isPartOf\":{\"@id\":\"https:\\\/\\\/segvauto.es\\\/#website\"},\"primaryImageOfPage\":{\"@id\":\"https:\\\/\\\/segvauto.es\\\/jornada-vehiculos-y-transportes-idi-en-la-upm\\\/#primaryimage\"},\"image\":{\"@id\":\"https:\\\/\\\/segvauto.es\\\/jornada-vehiculos-y-transportes-idi-en-la-upm\\\/#primaryimage\"},\"thumbnailUrl\":\"https:\\\/\\\/segvauto.es\\\/wp-content\\\/uploads\\\/2013\\\/07\\\/JORNADA20SOBRE20VEHICULOS20Y20TRANSPORTES20UPM-INSIA.jpg\",\"datePublished\":\"2013-07-17T20:57:27+00:00\",\"dateModified\":\"2021-11-12T13:42:39+00:00\",\"author\":{\"@id\":\"https:\\\/\\\/segvauto.es\\\/#\\\/schema\\\/person\\\/3ff5331d5fc95abd435261ae5175910c\"},\"breadcrumb\":{\"@id\":\"https:\\\/\\\/segvauto.es\\\/jornada-vehiculos-y-transportes-idi-en-la-upm\\\/#breadcrumb\"},\"inLanguage\":\"en-GB\",\"potentialAction\":[{\"@type\":\"ReadAction\",\"target\":[\"https:\\\/\\\/segvauto.es\\\/jornada-vehiculos-y-transportes-idi-en-la-upm\\\/\"]}]},{\"@type\":\"ImageObject\",\"inLanguage\":\"en-GB\",\"@id\":\"https:\\\/\\\/segvauto.es\\\/jornada-vehiculos-y-transportes-idi-en-la-upm\\\/#primaryimage\",\"url\":\"https:\\\/\\\/segvauto.es\\\/wp-content\\\/uploads\\\/2013\\\/07\\\/JORNADA20SOBRE20VEHICULOS20Y20TRANSPORTES20UPM-INSIA.jpg\",\"contentUrl\":\"https:\\\/\\\/segvauto.es\\\/wp-content\\\/uploads\\\/2013\\\/07\\\/JORNADA20SOBRE20VEHICULOS20Y20TRANSPORTES20UPM-INSIA.jpg\",\"width\":615,\"height\":248},{\"@type\":\"BreadcrumbList\",\"@id\":\"https:\\\/\\\/segvauto.es\\\/jornada-vehiculos-y-transportes-idi-en-la-upm\\\/#breadcrumb\",\"itemListElement\":[{\"@type\":\"ListItem\",\"position\":1,\"name\":\"Portada\",\"item\":\"https:\\\/\\\/segvauto.es\\\/\"},{\"@type\":\"ListItem\",\"position\":2,\"name\":\"Jornada Veh\u00edculos y Transportes: I+D+i en la UPM\"}]},{\"@type\":\"WebSite\",\"@id\":\"https:\\\/\\\/segvauto.es\\\/#website\",\"url\":\"https:\\\/\\\/segvauto.es\\\/\",\"name\":\"Segvauto-5G-CM\",\"description\":\"Segvauto-5G-CM\",\"potentialAction\":[{\"@type\":\"SearchAction\",\"target\":{\"@type\":\"EntryPoint\",\"urlTemplate\":\"https:\\\/\\\/segvauto.es\\\/?s={search_term_string}\"},\"query-input\":{\"@type\":\"PropertyValueSpecification\",\"valueRequired\":true,\"valueName\":\"search_term_string\"}}],\"inLanguage\":\"en-GB\"},{\"@type\":\"Person\",\"@id\":\"https:\\\/\\\/segvauto.es\\\/#\\\/schema\\\/person\\\/3ff5331d5fc95abd435261ae5175910c\",\"name\":\"desarrollo\",\"image\":{\"@type\":\"ImageObject\",\"inLanguage\":\"en-GB\",\"@id\":\"https:\\\/\\\/secure.gravatar.com\\\/avatar\\\/adcd1146e74a083903bd51ea0ac5e00b3905e9c35fc0c1b39da8534ca17f7257?s=96&d=mm&r=g\",\"url\":\"https:\\\/\\\/secure.gravatar.com\\\/avatar\\\/adcd1146e74a083903bd51ea0ac5e00b3905e9c35fc0c1b39da8534ca17f7257?s=96&d=mm&r=g\",\"contentUrl\":\"https:\\\/\\\/secure.gravatar.com\\\/avatar\\\/adcd1146e74a083903bd51ea0ac5e00b3905e9c35fc0c1b39da8534ca17f7257?s=96&d=mm&r=g\",\"caption\":\"desarrollo\"},\"sameAs\":[\"https:\\\/\\\/segvauto.es\"],\"url\":\"https:\\\/\\\/segvauto.es\\\/en\\\/author\\\/desarrollo\\\/\"}]}<\/script>\n<!-- \/ Yoast SEO plugin. -->","yoast_head_json":{"title":"Jornada Veh\u00edculos y Transportes: I+D+i en la UPM - Segvauto-5G-CM","robots":{"index":"index","follow":"follow","max-snippet":"max-snippet:-1","max-image-preview":"max-image-preview:large","max-video-preview":"max-video-preview:-1"},"canonical":"https:\/\/segvauto.es\/en\/jornada-vehiculos-y-transportes-idi-en-la-upm\/","og_locale":"en_GB","og_type":"article","og_title":"Jornada Veh\u00edculos y Transportes: I+D+i en la UPM - Segvauto-5G-CM","og_description":"El INSIA celebra este a\u00f1o 2013 su XX aniversario, raz\u00f3n por la\u00a0cu\u00e1l\u00a0 estamos organizando una serie de eventos de conmemoraci\u00f3n. Uno de ellos es la realizaci\u00f3n de una Jornada, que tenemos previsto celebrar el d\u00eda 19 de septiembre, sobre\u00a0\u201cVeh\u00edculos y\u00a0\u00a0Transportes: I+D+i en la UPM\u201dM\u00e1s info Source: segvauto","og_url":"https:\/\/segvauto.es\/en\/jornada-vehiculos-y-transportes-idi-en-la-upm\/","og_site_name":"Segvauto-5G-CM","article_published_time":"2013-07-17T20:57:27+00:00","article_modified_time":"2021-11-12T13:42:39+00:00","og_image":[{"width":615,"height":248,"url":"https:\/\/segvauto.es\/wp-content\/uploads\/2013\/07\/JORNADA20SOBRE20VEHICULOS20Y20TRANSPORTES20UPM-INSIA.jpg","type":"image\/jpeg"}],"author":"desarrollo","twitter_card":"summary_large_image","twitter_misc":{"Written by":"desarrollo"},"schema":{"@context":"https:\/\/schema.org","@graph":[{"@type":"Article","@id":"https:\/\/segvauto.es\/jornada-vehiculos-y-transportes-idi-en-la-upm\/#article","isPartOf":{"@id":"https:\/\/segvauto.es\/jornada-vehiculos-y-transportes-idi-en-la-upm\/"},"author":{"name":"desarrollo","@id":"https:\/\/segvauto.es\/#\/schema\/person\/3ff5331d5fc95abd435261ae5175910c"},"headline":"Jornada Veh\u00edculos y Transportes: I+D+i en la UPM","datePublished":"2013-07-17T20:57:27+00:00","dateModified":"2021-11-12T13:42:39+00:00","mainEntityOfPage":{"@id":"https:\/\/segvauto.es\/jornada-vehiculos-y-transportes-idi-en-la-upm\/"},"wordCount":70,"commentCount":0,"image":{"@id":"https:\/\/segvauto.es\/jornada-vehiculos-y-transportes-idi-en-la-upm\/#primaryimage"},"thumbnailUrl":"https:\/\/segvauto.es\/wp-content\/uploads\/2013\/07\/JORNADA20SOBRE20VEHICULOS20Y20TRANSPORTES20UPM-INSIA.jpg","articleSection":["Noticia"],"inLanguage":"en-GB","potentialAction":[{"@type":"CommentAction","name":"Comment","target":["https:\/\/segvauto.es\/jornada-vehiculos-y-transportes-idi-en-la-upm\/#respond"]}]},{"@type":"WebPage","@id":"https:\/\/segvauto.es\/jornada-vehiculos-y-transportes-idi-en-la-upm\/","url":"https:\/\/segvauto.es\/jornada-vehiculos-y-transportes-idi-en-la-upm\/","name":"Jornada Veh\u00edculos y Transportes: I+D+i en la UPM - Segvauto-5G-CM","isPartOf":{"@id":"https:\/\/segvauto.es\/#website"},"primaryImageOfPage":{"@id":"https:\/\/segvauto.es\/jornada-vehiculos-y-transportes-idi-en-la-upm\/#primaryimage"},"image":{"@id":"https:\/\/segvauto.es\/jornada-vehiculos-y-transportes-idi-en-la-upm\/#primaryimage"},"thumbnailUrl":"https:\/\/segvauto.es\/wp-content\/uploads\/2013\/07\/JORNADA20SOBRE20VEHICULOS20Y20TRANSPORTES20UPM-INSIA.jpg","datePublished":"2013-07-17T20:57:27+00:00","dateModified":"2021-11-12T13:42:39+00:00","author":{"@id":"https:\/\/segvauto.es\/#\/schema\/person\/3ff5331d5fc95abd435261ae5175910c"},"breadcrumb":{"@id":"https:\/\/segvauto.es\/jornada-vehiculos-y-transportes-idi-en-la-upm\/#breadcrumb"},"inLanguage":"en-GB","potentialAction":[{"@type":"ReadAction","target":["https:\/\/segvauto.es\/jornada-vehiculos-y-transportes-idi-en-la-upm\/"]}]},{"@type":"ImageObject","inLanguage":"en-GB","@id":"https:\/\/segvauto.es\/jornada-vehiculos-y-transportes-idi-en-la-upm\/#primaryimage","url":"https:\/\/segvauto.es\/wp-content\/uploads\/2013\/07\/JORNADA20SOBRE20VEHICULOS20Y20TRANSPORTES20UPM-INSIA.jpg","contentUrl":"https:\/\/segvauto.es\/wp-content\/uploads\/2013\/07\/JORNADA20SOBRE20VEHICULOS20Y20TRANSPORTES20UPM-INSIA.jpg","width":615,"height":248},{"@type":"BreadcrumbList","@id":"https:\/\/segvauto.es\/jornada-vehiculos-y-transportes-idi-en-la-upm\/#breadcrumb","itemListElement":[{"@type":"ListItem","position":1,"name":"Portada","item":"https:\/\/segvauto.es\/"},{"@type":"ListItem","position":2,"name":"Jornada Veh\u00edculos y Transportes: I+D+i en la UPM"}]},{"@type":"WebSite","@id":"https:\/\/segvauto.es\/#website","url":"https:\/\/segvauto.es\/","name":"Segvauto-5G-CM","description":"Segvauto-5G-CM","potentialAction":[{"@type":"SearchAction","target":{"@type":"EntryPoint","urlTemplate":"https:\/\/segvauto.es\/?s={search_term_string}"},"query-input":{"@type":"PropertyValueSpecification","valueRequired":true,"valueName":"search_term_string"}}],"inLanguage":"en-GB"},{"@type":"Person","@id":"https:\/\/segvauto.es\/#\/schema\/person\/3ff5331d5fc95abd435261ae5175910c","name":"desarrollo","image":{"@type":"ImageObject","inLanguage":"en-GB","@id":"https:\/\/secure.gravatar.com\/avatar\/adcd1146e74a083903bd51ea0ac5e00b3905e9c35fc0c1b39da8534ca17f7257?s=96&d=mm&r=g","url":"https:\/\/secure.gravatar.com\/avatar\/adcd1146e74a083903bd51ea0ac5e00b3905e9c35fc0c1b39da8534ca17f7257?s=96&d=mm&r=g","contentUrl":"https:\/\/secure.gravatar.com\/avatar\/adcd1146e74a083903bd51ea0ac5e00b3905e9c35fc0c1b39da8534ca17f7257?s=96&d=mm&r=g","caption":"desarrollo"},"sameAs":["https:\/\/segvauto.es"],"url":"https:\/\/segvauto.es\/en\/author\/desarrollo\/"}]}},"_links":{"self":[{"href":"https:\/\/segvauto.es\/en\/wp-json\/wp\/v2\/posts\/13780","targetHints":{"allow":["GET"]}}],"collection":[{"href":"https:\/\/segvauto.es\/en\/wp-json\/wp\/v2\/posts"}],"about":[{"href":"https:\/\/segvauto.es\/en\/wp-json\/wp\/v2\/types\/post"}],"author":[{"embeddable":true,"href":"https:\/\/segvauto.es\/en\/wp-json\/wp\/v2\/users\/1"}],"replies":[{"embeddable":true,"href":"https:\/\/segvauto.es\/en\/wp-json\/wp\/v2\/comments?post=13780"}],"version-history":[{"count":1,"href":"https:\/\/segvauto.es\/en\/wp-json\/wp\/v2\/posts\/13780\/revisions"}],"predecessor-version":[{"id":14060,"href":"https:\/\/segvauto.es\/en\/wp-json\/wp\/v2\/posts\/13780\/revisions\/14060"}],"wp:featuredmedia":[{"embeddable":true,"href":"https:\/\/segvauto.es\/en\/wp-json\/wp\/v2\/media\/14059"}],"wp:attachment":[{"href":"https:\/\/segvauto.es\/en\/wp-json\/wp\/v2\/media?parent=13780"}],"wp:term":[{"taxonomy":"category","embeddable":true,"href":"https:\/\/segvauto.es\/en\/wp-json\/wp\/v2\/categories?post=13780"},{"taxonomy":"post_tag","embeddable":true,"href":"https:\/\/segvauto.es\/en\/wp-json\/wp\/v2\/tags?post=13780"}],"curies":[{"name":"wp","href":"https:\/\/api.w.org\/{rel}","templated":true}]}}